{"id":2500,"date":"2023-07-04T09:40:06","date_gmt":"2023-07-04T07:40:06","guid":{"rendered":"https:\/\/www.camaloon.es\/blog\/?p=2500"},"modified":"2026-03-17T12:25:22","modified_gmt":"2026-03-17T11:25:22","slug":"articulos-personalizados-mondial-bierre-de-paris","status":"publish","type":"post","link":"https:\/\/www.camaloon.fr\/blog\/articulos-personalizados-mondial-bierre-de-paris\/","title":{"rendered":"Objets personnalis\u00e9s pour le Mondial de la Bi\u00e8re"},"content":{"rendered":"<p style=\"text-align: left;\">En un peu plus d\u2019une semaine, la troisi\u00e8me \u00e9dition du <strong data-start=\"54\" data-end=\"77\">Mondial de la Bi\u00e8re<\/strong> aura lieu \u00e0 Paris. Cet \u00e9v\u00e9nement de trois jours sera riche en animations, concerts, d\u00e9gustations de bi\u00e8re et espaces culinaires. Mais parmi tous les exposants pr\u00e9sents, comment s\u2019assurer que votre pr\u00e9sence restera inoubliable pour les visiteurs\u202f? Peut-\u00eatre gr\u00e2ce \u00e0 un produit qui mette en valeur la qualit\u00e9 de votre bi\u00e8re.<\/p>\n<p style=\"text-align: left;\"><strong>\u00a1Nous vous donnons quelques id\u00e9es!<\/strong><\/p>\n<h3 style=\"text-align: left;\"><span style=\"color: #00bd7e;\"><strong>Sous-verres personnalis\u00e9s<\/strong><\/span><\/h3>\n<div class=\"flex flex-col text-sm pb-25\">\n<article class=\"text-token-text-primary w-full focus:outline-none [--shadow-height:45px] has-data-writing-block:pointer-events-none has-data-writing-block:-mt-(--shadow-height) has-data-writing-block:pt-(--shadow-height) [&amp;:has([data-writing-block])&gt;*]:pointer-events-auto scroll-mt-[calc(var(--header-height)+min(200px,max(70px,20svh)))]\" dir=\"auto\" tabindex=\"-1\" data-turn-id=\"request-WEB:17751a34-259c-4857-9306-39f362994634-15\" data-testid=\"conversation-turn-32\" data-scroll-anchor=\"true\" data-turn=\"assistant\">\n<div class=\"text-base my-auto mx-auto pb-10 [--thread-content-margin:var(--thread-content-margin-xs,calc(var(--spacing)*4))] @w-sm\/main:[--thread-content-margin:var(--thread-content-margin-sm,calc(var(--spacing)*6))] @w-lg\/main:[--thread-content-margin:var(--thread-content-margin-lg,calc(var(--spacing)*16))] px-(--thread-content-margin)\">\n<div class=\"[--thread-content-max-width:40rem] @w-lg\/main:[--thread-content-max-width:48rem] mx-auto max-w-(--thread-content-max-width) flex-1 group\/turn-messages focus-visible:outline-hidden relative flex w-full min-w-0 flex-col agent-turn\" tabindex=\"-1\">\n<div class=\"flex max-w-full flex-col gap-4 grow\">\n<div class=\"min-h-8 text-message relative flex w-full flex-col items-end gap-2 text-start break-words whitespace-normal [.text-message+&amp;]:mt-1\" dir=\"auto\" data-message-author-role=\"assistant\" data-message-id=\"a3b07ab9-109b-4d7b-a337-041a8b8aadbd\" data-message-model-slug=\"gpt-5-mini\">\n<div class=\"flex w-full flex-col gap-1 empty:hidden\">\n<div class=\"markdown prose dark:prose-invert w-full wrap-break-word light markdown-new-styling\">\n<p style=\"text-align: left;\" data-start=\"0\" data-end=\"404\" data-is-last-node=\"\" data-is-only-node=\"\">Les sous-verres personnalis\u00e9s sont tr\u00e8s utiles pour vos campagnes promotionnelles, car \u00e9tant un produit d\u2019usage quotidien, le logo ou le design de votre marque restera visible au quotidien chez vos clients. Plus il est original, plus vos clients garderont un souvenir de vous. \u00c0 cet \u00e9gard, les sous-verres carr\u00e9s avec d\u00e9capsuleur sont id\u00e9aux pour des \u00e9v\u00e9nements comme le <strong data-start=\"371\" data-end=\"403\">Mondial de la Bi\u00e8re de Paris<\/strong>.<\/p>\n<\/div>\n<\/div>\n<\/div>\n<\/div>\n<div class=\"z-0 flex min-h-[46px] justify-start\"><\/div>\n<\/div>\n<\/div>\n<\/article>\n<\/div>\n<h3 style=\"text-align: left;\"><strong><span style=\"color: #00bd7e;\">D\u00e9capsuleurs magn\u00e9tiques personnalis\u00e9s<\/span><\/strong><\/h3>\n<p style=\"text-align: left;\">Un d\u00e9capsuleur magn\u00e9tique personnalis\u00e9 est un autre cadeau id\u00e9al pour vos actions publicitaires et de merchandising, ou pour que vos clients pensent \u00e0 vous au quotidien. Vous pouvez y afficher un design ou un logo que vous souhaitez qu\u2019ils retiennent lors de n\u2019importe quel \u00e9v\u00e9nement, comme le <strong data-start=\"294\" data-end=\"326\">Mondial de la Bi\u00e8re de Paris<\/strong>. Ainsi, vos clients penseront \u00e0 vous lors de gestes aussi quotidiens que d\u2019ouvrir une bouteille ou d\u2019ouvrir leur r\u00e9frig\u00e9rateur.<\/p>\n<p class=\"\" style=\"text-align: center;\"><a href=\"https:\/\/www.camaloon.fr\/magnets-personnalises\" target=\"_blank\" rel=\"noopener\">\u00a1Personnalisez vos propres d\u00e9capsuleurs magn\u00e9tiques!<\/a><\/p>\n<p style=\"text-align: left;\">Les exemples que nous vous avons pr\u00e9sent\u00e9s ne sont qu\u2019une partie de ce que vous pouvez r\u00e9aliser avec vos articles personnalis\u00e9s. L\u2019imagination pour vos produits personnalis\u00e9s d\u00e9pend de vous et de l\u2019attention que vous souhaitez attirer lors de vos \u00e9v\u00e9nements.<\/p>\n","protected":false},"excerpt":{"rendered":"<p>En un peu plus d\u2019une semaine, la troisi\u00e8me \u00e9dition du Mondial de la Bi\u00e8re aura lieu \u00e0 Paris. Cet \u00e9v\u00e9nement de trois jours sera riche en animations, concerts, d\u00e9gustations de bi\u00e8re et espaces culinaires. Mais parmi tous les exposants pr\u00e9sents, comment s\u2019assurer que votre pr\u00e9sence restera inoubliable pour les visiteurs\u202f? Peut-\u00eatre gr\u00e2ce \u00e0 un produit [&hellip;]<\/p>\n","protected":false},"author":5,"featured_media":2538,"comment_status":"closed","ping_status":"closed","sticky":false,"template":"","format":"standard","meta":{"footnotes":""},"categories":[40],"tags":[],"class_list":["post-2500","post","type-post","status-publish","format-standard","has-post-thumbnail","hentry","category-productos"],"_links":{"self":[{"href":"https:\/\/www.camaloon.fr\/blog\/wp-json\/wp\/v2\/posts\/2500","targetHints":{"allow":["GET"]}}],"collection":[{"href":"https:\/\/www.camaloon.fr\/blog\/wp-json\/wp\/v2\/posts"}],"about":[{"href":"https:\/\/www.camaloon.fr\/blog\/wp-json\/wp\/v2\/types\/post"}],"author":[{"embeddable":true,"href":"https:\/\/www.camaloon.fr\/blog\/wp-json\/wp\/v2\/users\/5"}],"replies":[{"embeddable":true,"href":"https:\/\/www.camaloon.fr\/blog\/wp-json\/wp\/v2\/comments?post=2500"}],"version-history":[{"count":8,"href":"https:\/\/www.camaloon.fr\/blog\/wp-json\/wp\/v2\/posts\/2500\/revisions"}],"predecessor-version":[{"id":4187,"href":"https:\/\/www.camaloon.fr\/blog\/wp-json\/wp\/v2\/posts\/2500\/revisions\/4187"}],"wp:featuredmedia":[{"embeddable":true,"href":"https:\/\/www.camaloon.fr\/blog\/wp-json\/wp\/v2\/media\/2538"}],"wp:attachment":[{"href":"https:\/\/www.camaloon.fr\/blog\/wp-json\/wp\/v2\/media?parent=2500"}],"wp:term":[{"taxonomy":"category","embeddable":true,"href":"https:\/\/www.camaloon.fr\/blog\/wp-json\/wp\/v2\/categories?post=2500"},{"taxonomy":"post_tag","embeddable":true,"href":"https:\/\/www.camaloon.fr\/blog\/wp-json\/wp\/v2\/tags?post=2500"}],"curies":[{"name":"wp","href":"https:\/\/api.w.org\/{rel}","templated":true}]}}